{"id":4924,"date":"2021-01-27T16:58:55","date_gmt":"2021-01-27T15:58:55","guid":{"rendered":"https:\/\/atndiffusion.ch\/technischen-handelsberater-fuer-den-aussendienst\/unkategorisiert\/"},"modified":"2025-07-28T11:52:17","modified_gmt":"2025-07-28T09:52:17","slug":"technischen-handelsberater-fuer-den-aussendienst","status":"publish","type":"post","link":"https:\/\/atndiffusion.ch\/de\/technischen-handelsberater-fuer-den-aussendienst\/arbeitsplaetze\/","title":{"rendered":"Technischen Handelsberater F\u00fcr den Au\u00dfendienst"},"content":{"rendered":"<div class=\"wpb-content-wrapper\">[vc_row][vc_column][wgl_custom_text font_size=&#8221;19&#8243;]\n<h2>Wir suchen im Moment Einen technischen Handelsberater F\u00fcr den Au\u00dfendienst.<\/h2>\n[\/wgl_custom_text][wgl_spacing spacer_size=&#8221;50px&#8221;][wgl_button button_text=&#8221;Oberwallis (FR und DE)&#8221; size=&#8221;s&#8221; icon_type=&#8221;font&#8221; icon_pack=&#8221;fontawesome&#8221; icon_fontawesome=&#8221;fa fa-file&#8221; link=&#8221;url:https%3A%2F%2Fatndiffusion.ch%2FPDF%2Foffre-emploi%2FOffre_emploi_agent_commercial_allemand_francais.pdf|title:Offre%20d%27emploi%20|target:_blank|&#8221;][wgl_button button_text=&#8221;Kanton Tessin&#8221; size=&#8221;s&#8221; icon_type=&#8221;font&#8221; icon_pack=&#8221;fontawesome&#8221; icon_fontawesome=&#8221;fa fa-file&#8221; link=&#8221;url:https%3A%2F%2Fatndiffusion.ch%2FPDF%2Foffre-emploi%2FOffre_emploi_agent_commercial_Tessin_.pdf|title:Arbeitspl%C3%A4tzen%20Tessin|target:%20_blank|&#8221;][wgl_button button_text=&#8221;Deutschschweizer&#8221; size=&#8221;s&#8221; icon_type=&#8221;font&#8221; icon_pack=&#8221;fontawesome&#8221; icon_fontawesome=&#8221;fa fa-file&#8221; link=&#8221;url:https%3A%2F%2Fatndiffusion.ch%2FPDF%2Foffre-emploi%2Foffre_emploi_agent_commercial_suisse-allemand.pdf|title:Arbeitspl%C3%A4tzen%20Deutschschweizer|target:%20_blank|&#8221;][wgl_button button_text=&#8221;Zweisprachig Franz\u00f6sisch-Deutsch&#8221; size=&#8221;s&#8221; icon_type=&#8221;font&#8221; icon_pack=&#8221;fontawesome&#8221; icon_fontawesome=&#8221;fa fa-file&#8221; link=&#8221;url:https%3A%2F%2Fatndiffusion.ch%2FPDF%2Foffre-emploi%2FOffre_emploi_agent_commercial_allemand_francais.pdf|title:Arbeitspl%C3%A4tzen%20Zweisprachig%20Franz%C3%B6sisch-Deutsch|target:%20_blank|&#8221;][\/vc_column][\/vc_row]\n<\/div>","protected":false},"excerpt":{"rendered":"<p>[vc_row][vc_column][wgl_custom_text font_size=&#8221;19&#8243;] Wir suchen im Moment Einen technischen Handelsberater F\u00fcr den Au\u00dfendienst. [\/wgl_custom_text][wgl_spacing spacer_size=&#8221;50px&#8221;][wgl_button button_text=&#8221;Oberwallis (FR und DE)&#8221; size=&#8221;s&#8221; icon_type=&#8221;font&#8221; icon_pack=&#8221;fontawesome&#8221; icon_fontawesome=&#8221;fa fa-file&#8221; link=&#8221;url:https%3A%2F%2Fatndiffusion.ch%2FPDF%2Foffre-emploi%2FOffre_emploi_agent_commercial_allemand_francais.pdf|title:Offre%20d%27emploi%20|target:_blank|&#8221;][wgl_button button_text=&#8221;Kanton Tessin&#8221; size=&#8221;s&#8221; icon_type=&#8221;font&#8221; icon_pack=&#8221;fontawesome&#8221; icon_fontawesome=&#8221;fa fa-file&#8221; link=&#8221;url:https%3A%2F%2Fatndiffusion.ch%2FPDF%2Foffre-emploi%2FOffre_emploi_agent_commercial_Tessin_.pdf|title:Arbeitspl%C3%A4tzen%20Tessin|target:%20_blank|&#8221;][wgl_button button_text=&#8221;Deutschschweizer&#8221; size=&#8221;s&#8221; icon_type=&#8221;font&#8221; icon_pack=&#8221;fontawesome&#8221; icon_fontawesome=&#8221;fa fa-file&#8221; link=&#8221;url:https%3A%2F%2Fatndiffusion.ch%2FPDF%2Foffre-emploi%2Foffre_emploi_agent_commercial_suisse-allemand.pdf|title:Arbeitspl%C3%A4tzen%20Deutschschweizer|target:%20_blank|&#8221;][wgl_button button_text=&#8221;Zweisprachig Franz\u00f6sisch-Deutsch&#8221; size=&#8221;s&#8221; icon_type=&#8221;font&#8221; icon_pack=&#8221;fontawesome&#8221; icon_fontawesome=&#8221;fa fa-file&#8221; link=&#8221;url:https%3A%2F%2Fatndiffusion.ch%2FPDF%2Foffre-emploi%2FOffre_emploi_agent_commercial_allemand_francais.pdf|title:Arbeitspl%C3%A4tzen%20Zweisprachig%20Franz%C3%B6sisch-Deutsch|target:%20_blank|&#8221;][\/vc_column][\/vc_row]<\/p>\n","protected":false},"author":1,"featured_media":0,"comment_status":"closed","ping_status":"open","sticky":false,"template":"","format":"standard","meta":{"_acf_changed":false,"footnotes":""},"categories":[215],"tags":[],"class_list":["post-4924","post","type-post","status-publish","format-standard","hentry","category-arbeitsplaetze"],"acf":[],"yoast_head":"<!-- This site is optimized with the Yoast SEO plugin v27.5 - https:\/\/yoast.com\/product\/yoast-seo-wordpress\/ -->\n<title>Technischen Handelsberater F\u00fcr den Au\u00dfendienst | ATN Diffusion<\/title>\n<meta name=\"description\" content=\"Technischen Handelsberater F\u00fcr den Au\u00dfendienst in Schweiz.\" \/>\n<meta name=\"robots\" content=\"index, follow, max-snippet:-1, max-image-preview:large, max-video-preview:-1\" \/>\n<link rel=\"canonical\" href=\"https:\/\/atndiffusion.ch\/de\/technischen-handelsberater-fuer-den-aussendienst\/arbeitsplaetze\/\" \/>\n<meta property=\"og:locale\" content=\"de_DE\" \/>\n<meta property=\"og:type\" content=\"article\" \/>\n<meta property=\"og:title\" content=\"Technischen Handelsberater F\u00fcr den Au\u00dfendienst | ATN Diffusion\" \/>\n<meta property=\"og:description\" content=\"Technischen Handelsberater F\u00fcr den Au\u00dfendienst in Schweiz.\" \/>\n<meta property=\"og:url\" content=\"https:\/\/atndiffusion.ch\/de\/technischen-handelsberater-fuer-den-aussendienst\/arbeitsplaetze\/\" \/>\n<meta property=\"og:site_name\" content=\"ATN Diffusion\" \/>\n<meta property=\"article:published_time\" content=\"2021-01-27T15:58:55+00:00\" \/>\n<meta property=\"article:modified_time\" content=\"2025-07-28T09:52:17+00:00\" \/>\n<meta name=\"author\" content=\"bastienruffieux\" \/>\n<meta name=\"twitter:card\" content=\"summary_large_image\" \/>\n<meta name=\"twitter:label1\" content=\"Verfasst von\" \/>\n\t<meta name=\"twitter:data1\" content=\"bastienruffieux\" \/>\n\t<meta name=\"twitter:label2\" content=\"Gesch\u00e4tzte Lesezeit\" \/>\n\t<meta name=\"twitter:data2\" content=\"1\u00a0Minute\" \/>\n<script type=\"application\/ld+json\" class=\"yoast-schema-graph\">{\n\t    \"@context\": \"https:\\\/\\\/schema.org\",\n\t    \"@graph\": [\n\t        {\n\t            \"@type\": \"Article\",\n\t            \"@id\": \"https:\\\/\\\/example.com\\\/de\\\/technischen-handelsberater-fuer-den-aussendienst\\\/arbeitsplaetze\\\/#article\",\n\t            \"isPartOf\": {\n\t                \"@id\": \"https:\\\/\\\/example.com\\\/de\\\/technischen-handelsberater-fuer-den-aussendienst\\\/arbeitsplaetze\\\/\"\n\t            },\n\t            \"author\": {\n\t                \"name\": \"bastienruffieux\",\n\t                \"@id\": \"https:\\\/\\\/example.com\\\/de\\\/#\\\/schema\\\/person\\\/f3967f13f00d179b701f274ff66581db\"\n\t            },\n\t            \"headline\": \"Technischen Handelsberater F\u00fcr den Au\u00dfendienst\",\n\t            \"datePublished\": \"2021-01-27T15:58:55+00:00\",\n\t            \"dateModified\": \"2025-07-28T09:52:17+00:00\",\n\t            \"mainEntityOfPage\": {\n\t                \"@id\": \"https:\\\/\\\/example.com\\\/de\\\/technischen-handelsberater-fuer-den-aussendienst\\\/arbeitsplaetze\\\/\"\n\t            },\n\t            \"wordCount\": 210,\n\t            \"publisher\": {\n\t                \"@id\": \"https:\\\/\\\/example.com\\\/de\\\/#organization\"\n\t            },\n\t            \"articleSection\": [\n\t                \"Arbeitspl\u00e4tze\"\n\t            ],\n\t            \"inLanguage\": \"de\"\n\t        },\n\t        {\n\t            \"@type\": \"WebPage\",\n\t            \"@id\": \"https:\\\/\\\/example.com\\\/de\\\/technischen-handelsberater-fuer-den-aussendienst\\\/arbeitsplaetze\\\/\",\n\t            \"url\": \"https:\\\/\\\/example.com\\\/de\\\/technischen-handelsberater-fuer-den-aussendienst\\\/arbeitsplaetze\\\/\",\n\t            \"name\": \"Technischen Handelsberater F\u00fcr den Au\u00dfendienst | ATN Diffusion\",\n\t            \"isPartOf\": {\n\t                \"@id\": \"https:\\\/\\\/example.com\\\/de\\\/#website\"\n\t            },\n\t            \"datePublished\": \"2021-01-27T15:58:55+00:00\",\n\t            \"dateModified\": \"2025-07-28T09:52:17+00:00\",\n\t            \"description\": \"Technischen Handelsberater F\u00fcr den Au\u00dfendienst in Schweiz.\",\n\t            \"breadcrumb\": {\n\t                \"@id\": \"https:\\\/\\\/example.com\\\/de\\\/technischen-handelsberater-fuer-den-aussendienst\\\/arbeitsplaetze\\\/#breadcrumb\"\n\t            },\n\t            \"inLanguage\": \"de\",\n\t            \"potentialAction\": [\n\t                {\n\t                    \"@type\": \"ReadAction\",\n\t                    \"target\": [\n\t                        \"https:\\\/\\\/example.com\\\/de\\\/technischen-handelsberater-fuer-den-aussendienst\\\/arbeitsplaetze\\\/\"\n\t                    ]\n\t                }\n\t            ]\n\t        },\n\t        {\n\t            \"@type\": \"BreadcrumbList\",\n\t            \"@id\": \"https:\\\/\\\/example.com\\\/de\\\/technischen-handelsberater-fuer-den-aussendienst\\\/arbeitsplaetze\\\/#breadcrumb\",\n\t            \"itemListElement\": [\n\t                {\n\t                    \"@type\": \"ListItem\",\n\t                    \"position\": 1,\n\t                    \"name\": \"Accueil\",\n\t                    \"item\": \"https:\\\/\\\/example.com\\\/de\\\/\"\n\t                },\n\t                {\n\t                    \"@type\": \"ListItem\",\n\t                    \"position\": 2,\n\t                    \"name\": \"Technischen Handelsberater F\u00fcr den Au\u00dfendienst\"\n\t                }\n\t            ]\n\t        },\n\t        {\n\t            \"@type\": \"WebSite\",\n\t            \"@id\": \"https:\\\/\\\/example.com\\\/de\\\/#website\",\n\t            \"url\": \"https:\\\/\\\/example.com\\\/de\\\/\",\n\t            \"name\": \"ATN Diffusion\",\n\t            \"description\": \"Produits techniques professionnels - Traitement des eaux\",\n\t            \"publisher\": {\n\t                \"@id\": \"https:\\\/\\\/example.com\\\/de\\\/#organization\"\n\t            },\n\t            \"potentialAction\": [\n\t                {\n\t                    \"@type\": \"SearchAction\",\n\t                    \"target\": {\n\t                        \"@type\": \"EntryPoint\",\n\t                        \"urlTemplate\": \"https:\\\/\\\/example.com\\\/de\\\/?s={search_term_string}\"\n\t                    },\n\t                    \"query-input\": {\n\t                        \"@type\": \"PropertyValueSpecification\",\n\t                        \"valueRequired\": true,\n\t                        \"valueName\": \"search_term_string\"\n\t                    }\n\t                }\n\t            ],\n\t            \"inLanguage\": \"de\"\n\t        },\n\t        {\n\t            \"@type\": \"Organization\",\n\t            \"@id\": \"https:\\\/\\\/example.com\\\/de\\\/#organization\",\n\t            \"name\": \"ATN DIffusion\",\n\t            \"url\": \"https:\\\/\\\/example.com\\\/de\\\/\",\n\t            \"logo\": {\n\t                \"@type\": \"ImageObject\",\n\t                \"inLanguage\": \"de\",\n\t                \"@id\": \"https:\\\/\\\/example.com\\\/de\\\/#\\\/schema\\\/logo\\\/image\\\/\",\n\t                \"url\": \"https:\\\/\\\/example.com\\\/wp-content\\\/uploads\\\/2019\\\/12\\\/Logo_noir.png\",\n\t                \"contentUrl\": \"https:\\\/\\\/example.com\\\/wp-content\\\/uploads\\\/2019\\\/12\\\/Logo_noir.png\",\n\t                \"width\": 795,\n\t                \"height\": 138,\n\t                \"caption\": \"ATN DIffusion\"\n\t            },\n\t            \"image\": {\n\t                \"@id\": \"https:\\\/\\\/example.com\\\/de\\\/#\\\/schema\\\/logo\\\/image\\\/\"\n\t            }\n\t        },\n\t        {\n\t            \"@type\": \"Person\",\n\t            \"@id\": \"https:\\\/\\\/example.com\\\/de\\\/#\\\/schema\\\/person\\\/f3967f13f00d179b701f274ff66581db\",\n\t            \"name\": \"bastienruffieux\",\n\t            \"url\": \"https:\\\/\\\/example.com\\\/de\\\/author\\\/bastienruffieux\\\/\"\n\t        }\n\t    ]\n\t}<\/script>\n<!-- \/ Yoast SEO plugin. -->","yoast_head_json":{"title":"Technischen Handelsberater F\u00fcr den Au\u00dfendienst | ATN Diffusion","description":"Technischen Handelsberater F\u00fcr den Au\u00dfendienst in Schweiz.","robots":{"index":"index","follow":"follow","max-snippet":"max-snippet:-1","max-image-preview":"max-image-preview:large","max-video-preview":"max-video-preview:-1"},"canonical":"https:\/\/atndiffusion.ch\/de\/technischen-handelsberater-fuer-den-aussendienst\/arbeitsplaetze\/","og_locale":"de_DE","og_type":"article","og_title":"Technischen Handelsberater F\u00fcr den Au\u00dfendienst | ATN Diffusion","og_description":"Technischen Handelsberater F\u00fcr den Au\u00dfendienst in Schweiz.","og_url":"https:\/\/atndiffusion.ch\/de\/technischen-handelsberater-fuer-den-aussendienst\/arbeitsplaetze\/","og_site_name":"ATN Diffusion","article_published_time":"2021-01-27T15:58:55+00:00","article_modified_time":"2025-07-28T09:52:17+00:00","author":"bastienruffieux","twitter_card":"summary_large_image","twitter_misc":{"Verfasst von":"bastienruffieux","Gesch\u00e4tzte Lesezeit":"1\u00a0Minute"},"schema":{"@context":"https:\/\/schema.org","@graph":[{"@type":"Article","@id":"https:\/\/atndiffusion.ch\/de\/technischen-handelsberater-fuer-den-aussendienst\/arbeitsplaetze\/#article","isPartOf":{"@id":"https:\/\/atndiffusion.ch\/de\/technischen-handelsberater-fuer-den-aussendienst\/arbeitsplaetze\/"},"author":{"name":"bastienruffieux","@id":"https:\/\/atndiffusion.ch\/de\/#\/schema\/person\/f3967f13f00d179b701f274ff66581db"},"headline":"Technischen Handelsberater F\u00fcr den Au\u00dfendienst","datePublished":"2021-01-27T15:58:55+00:00","dateModified":"2025-07-28T09:52:17+00:00","mainEntityOfPage":{"@id":"https:\/\/atndiffusion.ch\/de\/technischen-handelsberater-fuer-den-aussendienst\/arbeitsplaetze\/"},"wordCount":210,"publisher":{"@id":"https:\/\/atndiffusion.ch\/de\/#organization"},"articleSection":["Arbeitspl\u00e4tze"],"inLanguage":"de"},{"@type":"WebPage","@id":"https:\/\/atndiffusion.ch\/de\/technischen-handelsberater-fuer-den-aussendienst\/arbeitsplaetze\/","url":"https:\/\/atndiffusion.ch\/de\/technischen-handelsberater-fuer-den-aussendienst\/arbeitsplaetze\/","name":"Technischen Handelsberater F\u00fcr den Au\u00dfendienst | ATN Diffusion","isPartOf":{"@id":"https:\/\/atndiffusion.ch\/de\/#website"},"datePublished":"2021-01-27T15:58:55+00:00","dateModified":"2025-07-28T09:52:17+00:00","description":"Technischen Handelsberater F\u00fcr den Au\u00dfendienst in Schweiz.","breadcrumb":{"@id":"https:\/\/atndiffusion.ch\/de\/technischen-handelsberater-fuer-den-aussendienst\/arbeitsplaetze\/#breadcrumb"},"inLanguage":"de","potentialAction":[{"@type":"ReadAction","target":["https:\/\/atndiffusion.ch\/de\/technischen-handelsberater-fuer-den-aussendienst\/arbeitsplaetze\/"]}]},{"@type":"BreadcrumbList","@id":"https:\/\/atndiffusion.ch\/de\/technischen-handelsberater-fuer-den-aussendienst\/arbeitsplaetze\/#breadcrumb","itemListElement":[{"@type":"ListItem","position":1,"name":"Accueil","item":"https:\/\/atndiffusion.ch\/de\/"},{"@type":"ListItem","position":2,"name":"Technischen Handelsberater F\u00fcr den Au\u00dfendienst"}]},{"@type":"WebSite","@id":"https:\/\/atndiffusion.ch\/de\/#website","url":"https:\/\/atndiffusion.ch\/de\/","name":"ATN Diffusion","description":"Produits techniques professionnels - Traitement des eaux","publisher":{"@id":"https:\/\/atndiffusion.ch\/de\/#organization"},"potentialAction":[{"@type":"SearchAction","target":{"@type":"EntryPoint","urlTemplate":"https:\/\/atndiffusion.ch\/de\/?s={search_term_string}"},"query-input":{"@type":"PropertyValueSpecification","valueRequired":true,"valueName":"search_term_string"}}],"inLanguage":"de"},{"@type":"Organization","@id":"https:\/\/atndiffusion.ch\/de\/#organization","name":"ATN DIffusion","url":"https:\/\/atndiffusion.ch\/de\/","logo":{"@type":"ImageObject","inLanguage":"de","@id":"https:\/\/atndiffusion.ch\/de\/#\/schema\/logo\/image\/","url":"https:\/\/atndiffusion.ch\/wp-content\/uploads\/2019\/12\/Logo_noir.png","contentUrl":"https:\/\/atndiffusion.ch\/wp-content\/uploads\/2019\/12\/Logo_noir.png","width":795,"height":138,"caption":"ATN DIffusion"},"image":{"@id":"https:\/\/atndiffusion.ch\/de\/#\/schema\/logo\/image\/"}},{"@type":"Person","@id":"https:\/\/atndiffusion.ch\/de\/#\/schema\/person\/f3967f13f00d179b701f274ff66581db","name":"bastienruffieux","url":"https:\/\/atndiffusion.ch\/de\/author\/bastienruffieux\/"}]}},"_links":{"self":[{"href":"https:\/\/atndiffusion.ch\/de\/wp-json\/wp\/v2\/posts\/4924","targetHints":{"allow":["GET"]}}],"collection":[{"href":"https:\/\/atndiffusion.ch\/de\/wp-json\/wp\/v2\/posts"}],"about":[{"href":"https:\/\/atndiffusion.ch\/de\/wp-json\/wp\/v2\/types\/post"}],"author":[{"embeddable":true,"href":"https:\/\/atndiffusion.ch\/de\/wp-json\/wp\/v2\/users\/1"}],"replies":[{"embeddable":true,"href":"https:\/\/atndiffusion.ch\/de\/wp-json\/wp\/v2\/comments?post=4924"}],"version-history":[{"count":14,"href":"https:\/\/atndiffusion.ch\/de\/wp-json\/wp\/v2\/posts\/4924\/revisions"}],"predecessor-version":[{"id":7504,"href":"https:\/\/atndiffusion.ch\/de\/wp-json\/wp\/v2\/posts\/4924\/revisions\/7504"}],"wp:attachment":[{"href":"https:\/\/atndiffusion.ch\/de\/wp-json\/wp\/v2\/media?parent=4924"}],"wp:term":[{"taxonomy":"category","embeddable":true,"href":"https:\/\/atndiffusion.ch\/de\/wp-json\/wp\/v2\/categories?post=4924"},{"taxonomy":"post_tag","embeddable":true,"href":"https:\/\/atndiffusion.ch\/de\/wp-json\/wp\/v2\/tags?post=4924"}],"curies":[{"name":"wp","href":"https:\/\/api.w.org\/{rel}","templated":true}]}}